{"id":17927,"date":"2026-08-31T16:57:51","date_gmt":"2026-08-31T14:57:51","guid":{"rendered":"https:\/\/chtulipan.pl\/?p=17927"},"modified":"2026-08-31T16:57:51","modified_gmt":"2026-08-31T14:57:51","slug":"miedzy-ruchem-a-stylem-reebok-x-ewa-chodakowska-w-ccc","status":"publish","type":"post","link":"https:\/\/chtulipan.pl\/en\/promocje\/miedzy-ruchem-a-stylem-reebok-x-ewa-chodakowska-w-ccc\/","title":{"rendered":"Mi\u0119dzy ruchem a stylem. Reebok x Ewa Chodakowska w CCC"},"content":{"rendered":"<p style=\"text-align: left;\"><span class=\"normaltextrun\"><span lang=\"PL\">Reebok i Ewa Chodakowska przedstawiaj\u0105 kolejn\u0105 ods\u0142on\u0119 wsp\u00f3lnej kolekcji na sezon jesie\u0144-zima w CCC. Po\u0142\u0105czenie sportowej funkcjonalno\u015bci, nowoczesnej mody i swobody, kt\u00f3ra towarzyszy kobietom w r\u00f3\u017cnych momentach dnia. Stonowana paleta kolor\u00f3w, wsp\u00f3\u0142czesne fasony oraz szeroki wyb\u00f3r obuwia tworz\u0105 garderob\u0119, kt\u00f3ra p\u0142ynnie przechodzi od treningu do miejskiego <\/span><\/span><span class=\"normaltextrun\"><span lang=\"PL\">lifestyle\u2019u.<\/span><\/span><\/p>\n","protected":false},"excerpt":{"rendered":"<p>Reebok i Ewa Chodakowska przedstawiaj\u0105 kolejn\u0105 ods\u0142on\u0119 wsp\u00f3lnej kolekcji na sezon jesie\u0144-zima w CCC. Po\u0142\u0105czenie sportowej funkcjonalno\u015bci, nowoczesnej mody i swobody, kt\u00f3ra towarzyszy kobietom w r\u00f3\u017cnych momentach dnia. Stonowana paleta [&hellip;]<\/p>\n","protected":false},"author":3,"featured_media":0,"comment_status":"closed","ping_status":"closed","sticky":false,"template":"","format":"standard","meta":{"footnotes":""},"categories":[1],"tags":[],"class_list":["post-17927","post","type-post","status-publish","format-standard","hentry","category-promocje"],"acf":[],"yoast_head":"<!-- This site is optimized with the Yoast SEO plugin v21.9.1 - https:\/\/yoast.com\/wordpress\/plugins\/seo\/ -->\n<title>Mi\u0119dzy ruchem a stylem. Reebok x Ewa Chodakowska w CCC - Centrum Handlowe Tulipan<\/title>\n<meta name=\"robots\" content=\"index, follow, max-snippet:-1, max-image-preview:large, max-video-preview:-1\" \/>\n<link rel=\"canonical\" href=\"https:\/\/chtulipan.pl\/promocje\/miedzy-ruchem-a-stylem-reebok-x-ewa-chodakowska-w-ccc\/\" \/>\n<meta property=\"og:locale\" content=\"en_US\" \/>\n<meta property=\"og:type\" content=\"article\" \/>\n<meta property=\"og:title\" content=\"Mi\u0119dzy ruchem a stylem. Reebok x Ewa Chodakowska w CCC - Centrum Handlowe Tulipan\" \/>\n<meta property=\"og:description\" content=\"Reebok i Ewa Chodakowska przedstawiaj\u0105 kolejn\u0105 ods\u0142on\u0119 wsp\u00f3lnej kolekcji na sezon jesie\u0144-zima w CCC. Po\u0142\u0105czenie sportowej funkcjonalno\u015bci, nowoczesnej mody i swobody, kt\u00f3ra towarzyszy kobietom w r\u00f3\u017cnych momentach dnia. Stonowana paleta [&hellip;]\" \/>\n<meta property=\"og:url\" content=\"https:\/\/chtulipan.pl\/promocje\/miedzy-ruchem-a-stylem-reebok-x-ewa-chodakowska-w-ccc\/\" \/>\n<meta property=\"og:site_name\" content=\"Centrum Handlowe Tulipan\" \/>\n<meta property=\"article:publisher\" content=\"https:\/\/www.facebook.com\/CH.Tulipan\/\" \/>\n<meta property=\"article:published_time\" content=\"2026-08-31T14:57:51+00:00\" \/>\n<meta name=\"author\" content=\"ADS Gang\" \/>\n<meta name=\"twitter:card\" content=\"summary_large_image\" \/>\n<meta name=\"twitter:label1\" content=\"Written by\" \/>\n\t<meta name=\"twitter:data1\" content=\"ADS Gang\" \/>\n\t<meta name=\"twitter:label2\" content=\"Est. reading time\" \/>\n\t<meta name=\"twitter:data2\" content=\"1 minute\" \/>\n<!-- \/ Yoast SEO plugin. -->","yoast_head_json":{"title":"Mi\u0119dzy ruchem a stylem. Reebok x Ewa Chodakowska w CCC - Centrum Handlowe Tulipan","robots":{"index":"index","follow":"follow","max-snippet":"max-snippet:-1","max-image-preview":"max-image-preview:large","max-video-preview":"max-video-preview:-1"},"canonical":"https:\/\/chtulipan.pl\/promocje\/miedzy-ruchem-a-stylem-reebok-x-ewa-chodakowska-w-ccc\/","og_locale":"en_US","og_type":"article","og_title":"Mi\u0119dzy ruchem a stylem. Reebok x Ewa Chodakowska w CCC - Centrum Handlowe Tulipan","og_description":"Reebok i Ewa Chodakowska przedstawiaj\u0105 kolejn\u0105 ods\u0142on\u0119 wsp\u00f3lnej kolekcji na sezon jesie\u0144-zima w CCC. Po\u0142\u0105czenie sportowej funkcjonalno\u015bci, nowoczesnej mody i swobody, kt\u00f3ra towarzyszy kobietom w r\u00f3\u017cnych momentach dnia. Stonowana paleta [&hellip;]","og_url":"https:\/\/chtulipan.pl\/promocje\/miedzy-ruchem-a-stylem-reebok-x-ewa-chodakowska-w-ccc\/","og_site_name":"Centrum Handlowe Tulipan","article_publisher":"https:\/\/www.facebook.com\/CH.Tulipan\/","article_published_time":"2026-08-31T14:57:51+00:00","author":"ADS Gang","twitter_card":"summary_large_image","twitter_misc":{"Written by":"ADS Gang","Est. reading time":"1 minute"},"schema":{"@context":"https:\/\/schema.org","@graph":[{"@type":"WebPage","@id":"https:\/\/chtulipan.pl\/promocje\/miedzy-ruchem-a-stylem-reebok-x-ewa-chodakowska-w-ccc\/","url":"https:\/\/chtulipan.pl\/promocje\/miedzy-ruchem-a-stylem-reebok-x-ewa-chodakowska-w-ccc\/","name":"Mi\u0119dzy ruchem a stylem. Reebok x Ewa Chodakowska w CCC - Centrum Handlowe Tulipan","isPartOf":{"@id":"https:\/\/chtulipan.pl\/#website"},"datePublished":"2026-08-31T14:57:51+00:00","dateModified":"2026-08-31T14:57:51+00:00","author":{"@id":"https:\/\/chtulipan.pl\/#\/schema\/person\/f993f5c08dfc1a2b0031ec16fa201273"},"breadcrumb":{"@id":"https:\/\/chtulipan.pl\/promocje\/miedzy-ruchem-a-stylem-reebok-x-ewa-chodakowska-w-ccc\/#breadcrumb"},"inLanguage":"en-US","potentialAction":[{"@type":"ReadAction","target":["https:\/\/chtulipan.pl\/promocje\/miedzy-ruchem-a-stylem-reebok-x-ewa-chodakowska-w-ccc\/"]}]},{"@type":"BreadcrumbList","@id":"https:\/\/chtulipan.pl\/promocje\/miedzy-ruchem-a-stylem-reebok-x-ewa-chodakowska-w-ccc\/#breadcrumb","itemListElement":[{"@type":"ListItem","position":1,"name":"Home page","item":"https:\/\/chtulipan.pl\/en\/"},{"@type":"ListItem","position":2,"name":"Promocje","item":"https:\/\/chtulipan.pl\/.\/promocje\/"},{"@type":"ListItem","position":3,"name":"Mi\u0119dzy ruchem a stylem. Reebok x Ewa Chodakowska w CCC"}]},{"@type":"WebSite","@id":"https:\/\/chtulipan.pl\/#website","url":"https:\/\/chtulipan.pl\/","name":"Centrum Handlowe Tulipan","description":"","potentialAction":[{"@type":"SearchAction","target":{"@type":"EntryPoint","urlTemplate":"https:\/\/chtulipan.pl\/?s={search_term_string}"},"query-input":"required name=search_term_string"}],"inLanguage":"en-US"},{"@type":"Person","@id":"https:\/\/chtulipan.pl\/#\/schema\/person\/f993f5c08dfc1a2b0031ec16fa201273","name":"ADS Gang"}]}},"_links":{"self":[{"href":"https:\/\/chtulipan.pl\/en\/wp-json\/wp\/v2\/posts\/17927","targetHints":{"allow":["GET"]}}],"collection":[{"href":"https:\/\/chtulipan.pl\/en\/wp-json\/wp\/v2\/posts"}],"about":[{"href":"https:\/\/chtulipan.pl\/en\/wp-json\/wp\/v2\/types\/post"}],"author":[{"embeddable":true,"href":"https:\/\/chtulipan.pl\/en\/wp-json\/wp\/v2\/users\/3"}],"replies":[{"embeddable":true,"href":"https:\/\/chtulipan.pl\/en\/wp-json\/wp\/v2\/comments?post=17927"}],"version-history":[{"count":1,"href":"https:\/\/chtulipan.pl\/en\/wp-json\/wp\/v2\/posts\/17927\/revisions"}],"predecessor-version":[{"id":17930,"href":"https:\/\/chtulipan.pl\/en\/wp-json\/wp\/v2\/posts\/17927\/revisions\/17930"}],"wp:attachment":[{"href":"https:\/\/chtulipan.pl\/en\/wp-json\/wp\/v2\/media?parent=17927"}],"wp:term":[{"taxonomy":"category","embeddable":true,"href":"https:\/\/chtulipan.pl\/en\/wp-json\/wp\/v2\/categories?post=17927"},{"taxonomy":"post_tag","embeddable":true,"href":"https:\/\/chtulipan.pl\/en\/wp-json\/wp\/v2\/tags?post=17927"}],"curies":[{"name":"wp","href":"https:\/\/api.w.org\/{rel}","templated":true}]}}